{"id":12957,"global_id":"www.aegis.at\/wordpress?id=12957","global_id_lineage":["www.aegis.at\/wordpress?id=12957"],"author":"1002621","status":"publish","date":"2019-05-15 08:48:50","date_utc":"2019-05-15 07:48:50","modified":"2020-06-04 10:15:32","modified_utc":"2020-06-04 09:15:32","url":"https:\/\/www.aegis.at\/wordpress\/event\/demo-wien-selbstbestimmung-und-freiheit-der-oesterreichischen-grundrechte\/","rest_url":"https:\/\/www.aegis.at\/wordpress\/wp-json\/tribe\/events\/v1\/events\/12957","title":"Hinweis auf eine DEMO in WIEN &#8211; Selbstbestimmung und Freiheit der \u00f6sterreichischen Grundrechte","description":"<h1 style=\"text-align: center;\">Leben Lieben Lachen f\u00fcr uns und unsere Kinder<\/h1>\n<p style=\"text-align: center;\"><strong><span style=\"font-size: 12pt;\">Einladung zu einer DEMO<br \/>\n<\/span><\/strong><strong><span style=\"font-size: 12pt;\">f\u00fcr Selbstbestimmung und Freiheit der \u00f6sterreichischen Grundrechte<\/span><\/strong><\/p>\n<p style=\"text-align: center;\"><strong><span style=\"font-size: 12pt;\">am 06.06.2020 um 14:00 &#8211; 17:00 Uhr<\/span><\/strong><br \/>\n<strong><span style=\"font-size: 12pt;\">am Josefplatz<\/span><\/strong><\/p>\n<p style=\"text-align: center;\"><span style=\"color: #ff0000;\">HOCHINTERESSANTE REDNER MIT DEN WERTVOLLSTEN INFORMATIONEN, DIE MAN SICH VORSTELLEN KANN! <\/span><br \/>\n<span style=\"color: #ff0000;\">Lassen Sie sich \u00fcberraschen!<\/span><\/p>\n<p style=\"text-align: center;\"><strong><span style=\"font-size: 12pt;\"><span style=\"color: #ff0000;\">Treffpunkt:<\/span> Josefplatz<\/span><\/strong><\/p>\n<p>&nbsp;<\/p>\n<p style=\"text-align: center;\">Nehmt bitte positive Transparente und Musikinstrumente mit oder was Euch wichtig ist.<\/p>\n<blockquote>\n<p style=\"text-align: center;\">\n<\/blockquote>","excerpt":"","slug":"demo-wien-selbstbestimmung-und-freiheit-der-oesterreichischen-grundrechte","image":false,"all_day":false,"start_date":"2020-06-06 14:00:00","start_date_details":{"year":"2020","month":"06","day":"06","hour":"14","minutes":"00","seconds":"00"},"end_date":"2020-06-06 17:00:00","end_date_details":{"year":"2020","month":"06","day":"06","hour":"17","minutes":"00","seconds":"00"},"utc_start_date":"2020-06-06 12:00:00","utc_start_date_details":{"year":"2020","month":"06","day":"06","hour":"12","minutes":"00","seconds":"00"},"utc_end_date":"2020-06-06 15:00:00","utc_end_date_details":{"year":"2020","month":"06","day":"06","hour":"15","minutes":"00","seconds":"00"},"timezone":"UTC+1","timezone_abbr":"UTC+1","cost":"","cost_details":{"currency_symbol":"\u20ac","currency_code":"","currency_position":"prefix","values":[]},"website":"","show_map":true,"show_map_link":true,"hide_from_listings":false,"sticky":false,"featured":false,"categories":[{"name":"Vortrag","slug":"vortrag","term_group":0,"term_taxonomy_id":326,"taxonomy":"tribe_events_cat","description":"","parent":0,"count":33,"filter":"raw","id":325,"urls":{"self":"https:\/\/www.aegis.at\/wordpress\/wp-json\/tribe\/events\/v1\/categories\/325","collection":"https:\/\/www.aegis.at\/wordpress\/wp-json\/tribe\/events\/v1\/categories"}}],"tags":[],"venue":{"id":12959,"author":"1002621","status":"publish","date":"2020-06-04 10:00:18","date_utc":"2020-06-04 09:00:18","modified":"2020-06-04 10:00:18","modified_utc":"2020-06-04 09:00:18","url":"https:\/\/www.aegis.at\/wordpress\/veranstaltungsort\/josefplatz\/","venue":"Josefplatz","slug":"josefplatz","address":"Josefplatz","city":"Wien","country":"\u00d6sterreich","json_ld":{"@type":"Place","name":"Josefplatz","description":"","url":"","address":{"@type":"PostalAddress","streetAddress":"Josefplatz","addressLocality":"Wien","addressCountry":"\u00d6sterreich"},"telephone":"","sameAs":""},"show_map":true,"show_map_link":true,"global_id":"www.aegis.at\/wordpress?id=12959","global_id_lineage":["www.aegis.at\/wordpress?id=12959"]},"organizer":[],"custom_fields":[],"json_ld":{"@context":"http:\/\/schema.org","@type":"Event","name":"Hinweis auf eine DEMO in WIEN &#8211; Selbstbestimmung und Freiheit der \u00f6sterreichischen Grundrechte","description":"&lt;p&gt;Leben Lieben Lachen f\u00fcr uns und unsere Kinder Einladung zu einer DEMO f\u00fcr Selbstbestimmung und Freiheit der \u00f6sterreichischen Grundrechte am 06.06.2020 um 14:00 - 17:00 Uhr am Josefplatz HOCHINTERESSANTE REDNER MIT DEN WERTVOLLSTEN INFORMATIONEN, DIE MAN SICH VORSTELLEN KANN! Lassen Sie sich \u00fcberraschen! Treffpunkt: Josefplatz &nbsp; Nehmt bitte positive Transparente und Musikinstrumente mit oder was Euch wichtig ist.&lt;\/p&gt;\\n","url":"https:\/\/www.aegis.at\/wordpress\/event\/demo-wien-selbstbestimmung-und-freiheit-der-oesterreichischen-grundrechte\/","eventAttendanceMode":"https:\/\/schema.org\/OfflineEventAttendanceMode","eventStatus":"https:\/\/schema.org\/EventScheduled","startDate":"2020-06-06T14:00:00+01:00","endDate":"2020-06-06T17:00:00+01:00","location":{"@type":"Place","name":"Josefplatz","description":"","url":"","address":{"@type":"PostalAddress","streetAddress":"Josefplatz","addressLocality":"Wien","addressCountry":"\u00d6sterreich"},"telephone":"","sameAs":""},"performer":"Organization"}}