{"id":13806,"date":"2021-12-10T09:22:31","date_gmt":"2021-12-10T08:22:31","guid":{"rendered":"https:\/\/www.aegis.at\/wordpress\/?p=13806"},"modified":"2022-01-11T09:23:45","modified_gmt":"2022-01-11T08:23:45","slug":"standhaft-bleiben-rechtsanwaelte-fuer-grundrechte-erlaeutern-vorgehen-gegen-impfpflicht","status":"publish","type":"post","link":"https:\/\/www.aegis.at\/wordpress\/standhaft-bleiben-rechtsanwaelte-fuer-grundrechte-erlaeutern-vorgehen-gegen-impfpflicht\/","title":{"rendered":"Standhaft bleiben! Rechtsanw\u00e4lte f\u00fcr Grundrechte erl\u00e4utern Vorgehen gegen Impfpflicht"},"content":{"rendered":"<div class=\"fusion-fullwidth fullwidth-box fusion-builder-row-1 nonhundred-percent-fullwidth non-hundred-percent-height-scrolling\" style=\"--awb-border-radius-top-left:0px;--awb-border-radius-top-right:0px;--awb-border-radius-bottom-right:0px;--awb-border-radius-bottom-left:0px;--awb-flex-wrap:wrap;\" ><div class=\"fusion-builder-row fusion-row\"><div class=\"fusion-layout-column fusion_builder_column fusion-builder-column-0 fusion_builder_column_1_5 1_5 fusion-one-fifth fusion-column-first\" style=\"--awb-bg-size:cover;width:20%;width:calc(20% - ( ( 4% + 4% ) * 0.2 ) );margin-right: 4%;\"><div class=\"fusion-column-wrapper fusion-column-has-shadow fusion-flex-column-wrapper-legacy\"><div class=\"fusion-clearfix\"><\/div><\/div><\/div><div class=\"fusion-layout-column fusion_builder_column fusion-builder-column-1 fusion_builder_column_3_5 3_5 fusion-three-fifth\" style=\"--awb-bg-size:cover;width:60%;width:calc(60% - ( ( 4% + 4% ) * 0.6 ) );margin-right: 4%;\"><div class=\"fusion-column-wrapper fusion-flex-column-wrapper-legacy\"><div class=\"fusion-text fusion-text-1\" style=\"--awb-text-transform:none;\"><h3><strong>Standhaft bleiben! Rechtsanw\u00e4lte f\u00fcr Grundrechte erl\u00e4utern Vorgehen gegen Impfpflicht<br \/>\n<\/strong>(Quelle:\u00a0<a href=\"https:\/\/report24.news\/standhaft-bleiben-rechtsanwaelte-fuer-grundrechte-erlaeutern-vorgehen-gegen-impfpflicht\/\" target=\"_blank\" rel=\"noopener\">Report 24<\/a>)<strong><br \/>\n<\/strong><\/h3>\n<p><strong>Die\u00a0<a href=\"https:\/\/www.afa-zone.at\/\" target=\"_blank\" rel=\"noopener\">Rechtsanw\u00e4lte f\u00fcr Grundrechte<\/a>\u00a0haben vorl\u00e4ufige Informationen zusammengestellt, auf welches juristische Procedere sich der einzelne B\u00fcrger einstellen muss, so er gedenkt, sich dem in \u00d6sterreich drohenden Impf-Diktat nicht widerstandslos zu unterwerfen.<\/strong><\/p>\n<p>Der Bedarf an grunds\u00e4tzlichen Informationen und konkreter rechtlicher Hilfestellung ist gro\u00df. Nicht nur jene Menschen, die bisher die Impfung gegen Covid-19 ablehnten, wollen sich f\u00fcr kommende Auseinandersetzungen im Kampf gegen die drohende Impfpflicht vorbereiten. Auch viele bereits geimpfte Personen sind angesichts der Tatsache, dass sie sich unter Androhung von Strafen, vielleicht sogar von Beugehaft, zu regelm\u00e4\u00dfigen Booster-Impfungen zwingen lassen sollen, alles andere als begeistert. Ihre Anzahl sollte dabei nicht untersch\u00e4tzt werden.\u00a0<strong>Immerhin gelten seit dem 6. Dezember 2021 30.000 \u2013 275.000 Menschen wieder als ungeimpft.<\/strong>\u00a0Bald werden es (Stichtag 10. April) 640.000, im Monat darauf (Stichtag 10. Mai) 1.017.000 Menschen sein.<\/p>\n<p>Im Folgenden wird der Inhalt der Ausf\u00fchrungen \u201e<a href=\"https:\/\/www.afa-zone.at\/allgemein\/fragen-die-die-menschen-wegen-der-impfpflicht-brennend-interessieren\" target=\"_blank\" rel=\"noopener\">Fragen, die die Menschen wegen der Impfpflicht brennend interessieren<\/a>\u201c der\u00a0<a href=\"https:\/\/www.afa-zone.at\/\" target=\"_blank\" rel=\"noopener\">Rechtsanw\u00e4lte f\u00fcr Grundrechte<\/a>\u00a0wiedergegeben (Hervorhebungen durch Redaktion). Daran anschlie\u00dfend lesen Sie \u00fcber die Initiativen die beiden Rechtsanw\u00e4lte\u00a0<a href=\"https:\/\/keine-impfpflicht.at\/\" target=\"_blank\" rel=\"noopener\">Mag. H\u00f6llwarth und Scheer<\/a>. Und schlie\u00dflich erl\u00e4utert Dr. Kurt Lichtl, ebenfalls von den Rechtsanw\u00e4lten f\u00fcr Grundrechte, Grundlegendes zur Beugehaft und zur \u00dcberforderung des Verwaltungssystems in dem Fall, dass der bisher ungeimpfte Teil der Bev\u00f6lkerung standhaft bleibt und sich mit allen verf\u00fcgbaren juristischen Mitteln gegen die Impfpflicht zur Wehr setzt.<\/p>\n<p><strong>Fragen, die die Menschen wegen der Impfpflicht brennend interessieren:<\/strong><\/p>\n<ol>\n<li>Wo muss die Klage eingebracht werden?<\/li>\n<li>Wie viele Instanzen gibt es?<\/li>\n<li>Was passiert, wenn der innerstaatliche Rechtsweg ausgesch\u00f6pft ist?<\/li>\n<li>Gibt es jedes Mal ein Verfahren?<\/li>\n<li>Kann ich mich selbst vertreten oder herrscht Anwaltspflicht?<\/li>\n<li>Wie lange kann ich den Termin hinausz\u00f6gern?<\/li>\n<li>Muss jeder Richter jeden Fall individuell entscheiden?<\/li>\n<li>Hat das Verfahren aufschiebende Wirkung?<\/li>\n<li>Greift hier eine Rechtschutzversicherung im Privatrecht?<\/li>\n<\/ol>\n<p>Grunds\u00e4tzlich kann die konkrete Reaktion auf die beh\u00f6rdlichen Ma\u00dfnahmen noch nicht festgelegt werden, weil die endg\u00fcltige Ausgestaltung der Impfpflicht noch nicht vorliegt, wovon allerdings die einzelnen M\u00f6glichkeiten abh\u00e4ngen. Nach den bisher durchgesickerten Pl\u00e4nen wird nach beh\u00f6rdlicher Aufforderung und deren Nichtbefolgung eine Strafverf\u00fcgung mit Geldstrafe bis max \u20ac 600,00, also realistisch mal vorerst \u20ac 50-100,00, erlassen. Bei Annahme dieser Gesetzesgestaltung, sind die Fragen wie folgt zu beantworten:<\/p>\n<ol>\n<li><strong>Wo muss die Klage eingebracht werden?\u00a0<\/strong><\/li>\n<\/ol>\n<p>Es gibt im Verwaltungs(straf)verfahren keine Klagen, nur Einspruch, Antr\u00e4ge, Vorstellung, Beschwerde\u2026 Die erste Frage wird die Qualifikation der Impfaufforderung durch die Beh\u00f6rde (BH, LPD\u2026) sein. Derzeit ist von Bescheidcharakter einer solchen Anordnung auszugehen.\u00a0<strong>Gegen Bescheide gibt es die Beschwerde an das zust\u00e4ndige Landesverwaltungsgericht und dann Antr\u00e4ge an VfGH und VwGH.<\/strong>\u00a0Au\u00dferdem sind Verfahren nach der DSGVO m\u00f6glich. Erst danach ist die Erlassung einer Strafverf\u00fcgung zu erwarten.<\/p>\n<ol start=\"2\">\n<li><strong>Wie viele Instanzen gibt es?<\/strong><\/li>\n<\/ol>\n<p>Gegen die Strafverf\u00fcgung steht\u00a0<strong>binnen 14 Tagen<\/strong>\u00a0der bei der Beh\u00f6rde einzubringende Einspruch zu, worauf die Beh\u00f6rde in der Rechtsmittelbelehrung auch hinzuweisen hat. Mit dem Einspruch tritt die Strafverf\u00fcgung au\u00dfer Kraft und es ist das ordentliche Ermittlungsverfahren einzuleiten. Dabei hat man Anspruch auf Akteneinsicht, Stellung von Beweisantr\u00e4gen (Zeugen, Gutachten\u2026.) und abschlie\u00dfende Stellungnahme. Dann erfolgt die Verfahrenseinstellung oder die Beh\u00f6rde erl\u00e4sst ein Straferkenntnis, wobei die Strafe nicht h\u00f6her sein darf als in der Strafverf\u00fcgung enthalten. Dagegen gibt es\u00a0<strong>binnen 4 Wochen<\/strong>\u00a0Beschwerdem\u00f6glichkeit an das LVwG, welches das Verfahren neu durchzuf\u00fchren hat. Dabei kann man wieder Antr\u00e4ge einbringen. Das LVwG entscheidet endg\u00fcltig, wobei allerdings dagegen Beschwerden an den Verfassungsgerichtshof (VfGH) und Verwaltungsgerichtshof (VwGH) m\u00f6glich sind.\u00a0<strong>Es gibt also voraussichtlich je 2 Instanzen und dann jeweils noch die Beschwerden an die Gerichtsh\u00f6fe des \u00f6ff. Rechts<\/strong>.<\/p>\n<ol start=\"3\">\n<li><strong>Was passiert, wenn der innerstaatliche Rechtsweg ausgesch\u00f6pft ist?\u00a0<\/strong><\/li>\n<\/ol>\n<p>Ist alles ausgesch\u00f6pft, hat der Staat die M\u00f6glichkeit zB eine\u00a0<strong>Geldstrafe im Exekutionsweg (Lohnpf\u00e4ndung, Versteigerung von Verm\u00f6gensg\u00fcter\u2026) durchzusetzen.<\/strong>\u00a0Erst wenn auch das nicht m\u00f6glich ist, weil nichts da ist, wird die Ersatzfreiheitsstrafe (zB 2 Wochen) vollzogen. Zwangsimpfung und Beugehaft soll es angeblich nicht geben.<\/p>\n<ol start=\"4\">\n<li><strong>Gibt es jedes Mal ein Verfahren?\u00a0<\/strong><\/li>\n<\/ol>\n<p>Ja! Mit jedem Bescheid bzw jeder Strafverf\u00fcgung wird ein eigenes Verfahren er\u00f6ffnet.<\/p>\n<ol start=\"5\">\n<li><strong>Kann ich mich selbst vertreten oder herrscht Anwaltspflicht?<\/strong><\/li>\n<\/ol>\n<p>In den gesamten Verwaltungs(straf)verfahren besteht keine Anwaltspflicht. Bei einer Beschwerde an VfGH oder VwGH ist die Unterschrift eines Anwaltes erforderlich.<\/p>\n<ol start=\"6\">\n<li><strong>Wie lange kann ich den Termin hinausz\u00f6gern?\u00a0<\/strong><\/li>\n<\/ol>\n<p>Derzeit schwer zu beantworten. Normalerweise dauern gut gef\u00fchrte Verwaltungsverfahren mindestens\u00a0<strong>1 \u2013 1,5 Jahre<\/strong>, Beschwerden an die H\u00f6chstgerichte\u00a0<strong>2-5 Jahre.<\/strong><\/p>\n<ol start=\"7\">\n<li><strong>Muss jeder Richter jeden Fall individuell entscheiden?\u00a0<\/strong><\/li>\n<\/ol>\n<p>Ja! Wobei sich nat\u00fcrlich jeder Richter bei \u00e4hnlichen F\u00e4llen angepasster \u201eMuster\u201c bedient. Je individueller das Vorbringen im Verfahren, desto komplexer die Entscheidung.<\/p>\n<ol start=\"8\">\n<li><strong>Hat das Verfahren aufschiebende Wirkung?\u00a0<\/strong><\/li>\n<\/ol>\n<p>Ja! Insbesondere ist das im Verwaltungs(straf)verfahren unumst\u00f6\u00dflich. Nur bei den Verfahren vor VfGH und VwGH ist die aufschiebende Wirkung gesondert zu beantragen und vorweg vom Gericht zu entscheiden. Die H\u00f6chstgerichte k\u00f6nnen im \u00dcbrigen unter bestimmten Umst\u00e4nden die Behandlung einer Beschwerde auch ablehnen.<\/p>\n<ol start=\"9\">\n<li><strong>Greift hier eine Rechtschutzversicherung im Privatrecht?<\/strong><\/li>\n<\/ol>\n<p>Die Rechtschutzversicherungen sind nach Themenbereichen (Bausteinen) aufgebaut, wobei auch Verwaltungs(straf)verfahren, insbesondere im Verkehrsbereich gedeckt werden. Das muss man sich im Einzelfall anschauen. Generell wird keine Deckung m\u00f6glich sein. Die Verfahrenskosten sind allerdings bis inklusive LVwG extrem gering. So betragen diese z.B. im VerwStrafVerf 1. Instanz insgesamt 10% der Strafe und in 2. Instanz 20% (zB bei Geldstrafe \u20ac 100,00 zB I. \u20ac10,00 und II. \u20ac 20,00)<\/p>\n<p>\u201cDies ist ein\u00a0<strong>kurzer vorl\u00e4ufiger Abriss<\/strong>\u00a0zu den Fragen, der ev. nach Vorliegen des Gesetzes noch zu modifizieren ist.\u201c<\/p>\n<p><strong>Plattform zur Verhinderung der Impfpflicht<\/strong><\/p>\n<p>Wir wollen an dieser Stelle darauf hinweisen, dass auch die beiden Rechtsanw\u00e4lte in Kooperation\u00a0<a href=\"https:\/\/keine-impfpflicht.at\/\" target=\"_blank\" rel=\"noopener\">Mag. H\u00f6llwarth und Mag. Scheer<\/a>\u00a0in der Bek\u00e4mpfung der Impfpflicht sehr aktiv sind. In ihrer \u201e<a href=\"https:\/\/keine-impfpflicht.at\/abgeordnetenaufklaerung\" target=\"_blank\" rel=\"noopener\">Abgeordnetenaufkl\u00e4rung<\/a>\u201c sehen sie eine Chance, das Gesetz bereits im Nationalrat zu Fall zu bringen. Dazu entwickelten sie ein sehr benutzerfreundliches und kostenlos zur Verf\u00fcgung gestelltes Feature,\u00a0<strong>mittels dessen jeder einzelne B\u00fcrger an politische Entscheidungstr\u00e4ger herantreten kann<\/strong>, um auf deren Abstimmungsverhalten Einfluss zu nehmen.<\/p>\n<p><strong>Zur Beugehaft<\/strong><\/p>\n<p>Rechtsanwalt Dr. Kurt Lichtl, ebenfalls Mitglied der Rechtsanw\u00e4lte f\u00fcr Grundrechte, kl\u00e4rt in seiner Stellungnahme vom 6. Dezember \u201e<a href=\"https:\/\/www.afa-zone.at\/allgemein\/beugehaft-wir-tun-es-eh-nicht\" target=\"_blank\" rel=\"noopener\">Beugehaft \u2013 wir tun es eh nicht \u2026<\/a>\u201c \u00fcber die derzeit auch im Kontext der Impfpflicht erw\u00e4hnte Beugehaft auf.<\/p>\n<p>\u201eBeugehaft ist keine Strafe, sondern ein Zwangsmittel zur Durchsetzung staatlicher Belange. Es kommt jemand in Haft,\u00a0<strong>damit sein pers\u00f6nlicher Wille, der dem staatlichen Wollen entgegensteht, gebrochen (gebeugt) wird.<\/strong>\u00a0Sie ist ein Mittel, um staatliche Anordnungen, die nur durch pers\u00f6nliches Handeln erf\u00fcllt werden k\u00f6nnen, durchzusetzen.<\/p>\n<p>Angesichts der bisher gebrochenen Versprechen der \u00f6sterreichischen Bundesregierung \u2026<\/p>\n<ul>\n<li>Masken sind unwirksam und kommen nicht \u2013 wir haben FFP2<\/li>\n<li>Es wird keinen (weiteren) Lockdown geben \u2013 wir stehen bei Nr. 4<\/li>\n<li>Mit Antigen Massentests sind wir sicher \u2013 wir brauchen jetzt PCR<\/li>\n<li>Die Impfung wirkt und ist sicher \u2013 wir brauchen den 3. Stich nach 4 Monaten<\/li>\n<li>Vollimmunisierung mit zwei Stichen \u2013 wir brauchen den 3. Stich nach 4 Monaten<\/li>\n<li>Die Pandemie ist vorbei \u2013 wir haben die 4. Welle, dank Testzwang<\/li>\n<li>Es wird nie eine Impfpflicht geben \u2013 richtig! WIR werden sie verhindern \u2013 es REICHT!!!\u201c<\/li>\n<\/ul>\n<p>\u2026 warnt Lichtl ausdr\u00fccklich davor, den Beteuerungen, man wolle die Beugehaft nicht zum Durchsetzen der Impfpflicht verwenden, Glauben zu schenken. Im Gegenteil m\u00fcssen angesichts des Dementis der Ministerin Edtstadler, so Lichtl,\u00a0<strong>alle Alarmglocken<\/strong>\u00a0schrillen.<\/p>\n<p><strong>Nicht verzweifeln und standhaft bleiben!<\/strong><\/p>\n<p>Lichtl: \u201eWir m\u00fcssen uns gemeinsam, egal ob geimpft oder nicht, gegen diesen unverh\u00e4ltnism\u00e4\u00dfigen staatlichen Zwang wehren. Es ist ja geradezu grotesk, dass wir mit unseren Steuergeldern die Unterdr\u00fccker und deren sinnlose Geldverschwendung bezahlen. Wenngleich gegen die VVG Novelle keine Stellungnahme mehr m\u00f6glich ist, m\u00fcssen wir eine solche massenhaft im Begutachtungsverfahren abgeben. Jeder soll sich informieren, wie das geht! Wir als Rechtsanw\u00e4lte f\u00fcr Grundrechte werden dazu Informationen und Muster auf die HP stellen! Und am Schluss: Verzweifelt nicht wegen der drohenden Impfpflicht.\u00a0<strong>Wenn der bisher ungeimpfte Teil der Bev\u00f6lkerung standhaft bleibt<\/strong>\u00a0und mit unserer Hilfe und unseren Mustern gegen die Vorladung zur Impfung und gegen die Vorladung zur Impfung und gegen eine Strafverf\u00fcgung rechtlich zul\u00e4ssig vorgeht,\u00a0<strong>bricht das Verwaltungs(straf)system zusammen<\/strong>. Sie k\u00f6nnen nicht 1\/3 der Bev\u00f6lkerung, weil begr\u00fcndet ungespritzt, einsperren und alle, unabh\u00e4ngig vom Impfstatus, die sich wieder nach Grund \u2013 und Freiheitsrechten sehnen auf Dauer unterdr\u00fccken \u2013\u00a0<strong>auf geht\u2019s, tun wir was<\/strong>!!!\u201c<\/p>\n<p>(Quelle:\u00a0<a href=\"https:\/\/report24.news\/standhaft-bleiben-rechtsanwaelte-fuer-grundrechte-erlaeutern-vorgehen-gegen-impfpflicht\/\" target=\"_blank\" rel=\"noopener\">Report 24<\/a>)<\/p>\n<\/div><div class=\"fusion-clearfix\"><\/div><\/div><\/div><div class=\"fusion-layout-column fusion_builder_column fusion-builder-column-2 fusion_builder_column_1_5 1_5 fusion-one-fifth fusion-column-last\" style=\"--awb-bg-size:cover;width:20%;width:calc(20% - ( ( 4% + 4% ) * 0.2 ) );\"><div class=\"fusion-column-wrapper fusion-column-has-shadow fusion-flex-column-wrapper-legacy\"><div class=\"fusion-clearfix\"><\/div><\/div><\/div><\/div><\/div>\n","protected":false},"excerpt":{"rendered":"","protected":false},"author":1002621,"featured_media":13738,"comment_status":"closed","ping_status":"open","sticky":false,"template":"","format":"standard","meta":{"footnotes":""},"categories":[33],"tags":[],"class_list":["post-13806","post","type-post","status-publish","format-standard","has-post-thumbnail","hentry","category-berichte"],"_links":{"self":[{"href":"https:\/\/www.aegis.at\/wordpress\/wp-json\/wp\/v2\/posts\/13806","targetHints":{"allow":["GET"]}}],"collection":[{"href":"https:\/\/www.aegis.at\/wordpress\/wp-json\/wp\/v2\/posts"}],"about":[{"href":"https:\/\/www.aegis.at\/wordpress\/wp-json\/wp\/v2\/types\/post"}],"author":[{"embeddable":true,"href":"https:\/\/www.aegis.at\/wordpress\/wp-json\/wp\/v2\/users\/1002621"}],"replies":[{"embeddable":true,"href":"https:\/\/www.aegis.at\/wordpress\/wp-json\/wp\/v2\/comments?post=13806"}],"version-history":[{"count":0,"href":"https:\/\/www.aegis.at\/wordpress\/wp-json\/wp\/v2\/posts\/13806\/revisions"}],"wp:featuredmedia":[{"embeddable":true,"href":"https:\/\/www.aegis.at\/wordpress\/wp-json\/wp\/v2\/media\/13738"}],"wp:attachment":[{"href":"https:\/\/www.aegis.at\/wordpress\/wp-json\/wp\/v2\/media?parent=13806"}],"wp:term":[{"taxonomy":"category","embeddable":true,"href":"https:\/\/www.aegis.at\/wordpress\/wp-json\/wp\/v2\/categories?post=13806"},{"taxonomy":"post_tag","embeddable":true,"href":"https:\/\/www.aegis.at\/wordpress\/wp-json\/wp\/v2\/tags?post=13806"}],"curies":[{"name":"wp","href":"https:\/\/api.w.org\/{rel}","templated":true}]}}