{"id":13991,"date":"2022-08-09T09:10:04","date_gmt":"2022-08-09T08:10:04","guid":{"rendered":"https:\/\/www.aegis.at\/wordpress\/?p=13991"},"modified":"2025-01-07T09:45:34","modified_gmt":"2025-01-07T08:45:34","slug":"offener-brief-von-corona-massnahmen-und-impfgegnern-betreffend-den-tod-der-aerztin-dr-kellermayr","status":"publish","type":"post","link":"https:\/\/www.aegis.at\/wordpress\/offener-brief-von-corona-massnahmen-und-impfgegnern-betreffend-den-tod-der-aerztin-dr-kellermayr\/","title":{"rendered":"OFFENER BRIEF von &#8222;Corona&#8220;-Ma\u00dfnahmen- und Impfgegnern betreffend den Tod der \u00c4rztin Dr. Kellermayr"},"content":{"rendered":"<div class=\"fusion-fullwidth fullwidth-box fusion-builder-row-1 nonhundred-percent-fullwidth non-hundred-percent-height-scrolling\" style=\"--awb-border-radius-top-left:0px;--awb-border-radius-top-right:0px;--awb-border-radius-bottom-right:0px;--awb-border-radius-bottom-left:0px;--awb-flex-wrap:wrap;\" ><div class=\"fusion-builder-row fusion-row\"><div class=\"fusion-layout-column fusion_builder_column fusion-builder-column-0 fusion_builder_column_1_5 1_5 fusion-one-fifth fusion-column-first\" style=\"--awb-bg-size:cover;width:20%;width:calc(20% - ( ( 4% + 4% ) * 0.2 ) );margin-right: 4%;\"><div class=\"fusion-column-wrapper fusion-column-has-shadow fusion-flex-column-wrapper-legacy\"><div class=\"fusion-clearfix\"><\/div><\/div><\/div><div class=\"fusion-layout-column fusion_builder_column fusion-builder-column-1 fusion_builder_column_3_5 3_5 fusion-three-fifth\" style=\"--awb-bg-size:cover;width:60%;width:calc(60% - ( ( 4% + 4% ) * 0.6 ) );margin-right: 4%;\"><div class=\"fusion-column-wrapper fusion-flex-column-wrapper-legacy\"><div class=\"fusion-text fusion-text-1\" style=\"--awb-text-transform:none;\"><p class=\"text\"><i>Zeiselmauer (OTS)<\/i>\u00a0&#8211;\u00a0Anl\u00e4sslich des bedauernswerten Todes der jungen und sehr engagierten \u00c4rztin Dr. Lisa-Maria Kellermayr erkl\u00e4ren nachstehende 30 UnterzeichnerInnen:<\/p>\n<ul>\n<li>Unser aufrichtiges Mitgef\u00fchl gilt den Angeh\u00f6rigen, Freunden und vielen Patienten von Frau Dr. Kellermayr. Sie sind aktuell die wahren Leidtragenden!<\/li>\n<li>Auch aus diesem Grund sprechen wir uns deutlich gegen die politisch-mediale Vereinnahmung des Todes von Lisa-Maria Kellermayr aus, bevor nicht eine angemessene Trauerzeit verstrichen und der objektive Sachverhalt\u00a0<b>aufgekl\u00e4rt<\/b>\u00a0ist.<\/li>\n<li>Die monstr\u00f6sen und extrem menschenverachtenden, anonymen Drohmails gegen Fr. Dr. Kellermayr, die diese auf ihrer Webseite Ende Juli 2022 ver\u00f6ffentlichte, haben nichts, aber auch\u00a0<b>gar nichts<\/b>\u00a0mit den berechtigten Protesten hunderttausender \u00d6sterreicher gegen die Corona-Politik zu tun. Diesen Vorwurf weisen wir aufs Sch\u00e4rfste zur\u00fcck!<\/li>\n<li>Denn wir k\u00e4mpfen nicht gegen, sondern\u00a0<b>f\u00fcr<\/b>\u00a0die Meinungsfreiheit und die Menschenrechte\u00a0<b>aller\u00a0<\/b>Menschen; und das erfolgreich, wie die Aufhebung des verfassungswidrigen Impfpflichtgesetzes beweist.<\/li>\n<li>Wir Corona-Ma\u00dfnahmenkritiker stehen\u00a0<strong>f\u00fcr<\/strong>\u00a0Freiheit, Selbstbestimmung bei der Wahl der Therapien, demokratische Werte, ein friedliches Miteinander, Leben und Leben lassen und Entscheidungsfreiheit.<\/li>\n<li>Darum verurteilen wir jede Form von Bevormundung, Drohungen und Psychoterror nicht nur gegen \u00c4rzte, sondern generell gegen\u00a0<b>alle<\/b>\u00a0Menschen.<\/li>\n<li>Wir sind uns allzeit vollkommen bewu\u00dft, dass die teils negativen Meinungen von Dr. Lisa-Maria Kellermayr \u00fcber die Corona-Ma\u00dfnahmengegner keinesfalls schreckliche Drohbriefe rechtfertigen k\u00f6nnen.<\/li>\n<li>Wir sind entsetzt \u00fcber diese Droh-Mails und finden es absolut unverst\u00e4ndlich, dass die zust\u00e4ndigen Beh\u00f6rden trotz bereits fr\u00fcherer Medienberichte keinerlei wirksame Ermittlungsschritte gegen den Verfasser besagter Mails gesetzt haben. Dies, obwohl der Verfasser dem\u00a0<i>Standard<\/i>\u00a0gem\u00e4\u00df eigener Aussage als bayrischer Staatsb\u00fcrger bekannt war und es offenbar auch \u00e4hnliche Mails aus anderen &#8222;anonymen&#8220; Quellen gibt.<\/li>\n<li>Bei derart bedrohlichen Aktionen, gegen wen und warum auch immer, handelt es sich eindeutig um Akte des Psychoterrors, die zum Schutz sowohl der unmittelbar Betroffenen als auch der Gesellschaft insgesamt nachhaltig zu verfolgen sind.<\/li>\n<li>Generell ist zu hinterfragen, warum sofort jegliches Fremdverschulden am Tod von Dr. Lisa-Maria Kellermayr ausgeschlossen wurde. Kriminalistische Ermittlungen dauern \u00fcblicherweise Monate bis manchmal sogar Jahre. Frau Dr. Kellermayr vertrat fr\u00fcher eine\u00a0<b>erfolgreiche<\/b>\u00a0Alternativtherapie zu den Impfungen (Medikamente mit dem Wirkstoff Busedonid) und wurde erst ab einem gewissen Zeitpunkt zur demonstriert tatkr\u00e4ftigen Impf\u00e4rztin.<\/li>\n<li>Unserer Beurteilung zufolge war Frau Dr. Kellermayr eine sehr gute \u00c4rztin, die selbst zum Opfer einer politisch-medialen Propaganda wurde und letztlich als S\u00fcndenbock herhalten musste, dem jede ad\u00e4quate staatliche Hilfe verweigert wurde. Dieses Faktum verm\u00f6gen die nachtr\u00e4glichen Heucheleien nicht zu besch\u00f6nigen!<\/li>\n<li>Insgesamt m\u00fcssen wir leider feststellen, dass der ganze Fall, der ja schon eine l\u00e4ngere Vorgeschichte hat, nunmehr zur pauschalen Diskreditierung aller Corona-Ma\u00dfnahmen- und Impfgegner instrumentalisiert wird. Damit stellt sich die Frage einer m\u00f6glichen Inszenierung zur Erzielung einer bestimmten Wirkung. Und wer davon profitiert.<\/li>\n<li>Wir stellen daher erstaunt fest, dass die unz\u00e4hligen, seit mehr als einem Jahr eintretenden, teilweise massiven Impfsch\u00e4den in der Bev\u00f6lkerung bis hin zu Todesf\u00e4llen zwar bestens dokumentiert sind, jedoch in der Diskussion dar\u00fcber so ausgeblendet werden, wie es sonst nur in totalit\u00e4ren Systemen \u00fcblich ist.<\/li>\n<li>Es l\u00e4uft eine penetrante politisch-mediale Inszenierung, mit welcher der tragische Todesfall einer jungen \u00c4rztin offenbar instrumentalisiert wird, um Corona wieder zum gesellschaftlichen Unterdr\u00fcckungsinstrument zu machen.<\/li>\n<li>Hierbei fallen drei Umst\u00e4nde besonders auf. Erstens ist der gesetzliche Impfzwang nicht mehr in Kraft, und selbst der gr\u00fcne Gesundheitsminister widersetzt sich einigen der irrationalen Zwangsma\u00dfnahmen. Dies ist zweitens darauf zur\u00fcckzuf\u00fchren, dass die Bev\u00f6lkerung Corona aufgrund des objektiven Datenmaterials korrekt als durchschnittliche Grippe wahrnimmt. Darum f\u00fchlen sich drittens die Gegner der Selbstbestimmung offenbar gen\u00f6tigt, wieder einmal das Klima der Angst durch die Etablierung von Feindbildern und Bedrohungsszenarien herzustellen.<\/li>\n<\/ul>\n<p class=\"text\"><b>Zusammenfassend ist zu konstatieren<\/b>, dass \u00fcber den Tod von Frau Dr. Kellermayr weder eine medizinische noch eine kriminologische Beurteilungsgrundlage vorliegt, die es rechtfertigen k\u00f6nnte, politische Schl\u00fcsse zu ziehen oder gar pauschale Schuldzuweisungen vorzunehmen. Wir fordern daher die in einem liberalen Rechtsstaat \u00fcbliche gewissenhafte und restlose Aufkl\u00e4rung des objektiven Sachverhalts!<\/p>\n<p class=\"text\">Dr.med. Petra BAUMGARTNER, Not\u00e4rztin<br \/>\nDDr.med. Jaroslav BELSKY, Zahnarzt und Mikrobiologe<br \/>\nDr. Klaus BIELAU, Praxis f\u00fcr Hom\u00f6opathie, Sachverst\u00e4ndiger f\u00fcr Impfungen und Impfsch\u00e4den<br \/>\nHannes BREJCHA, Demo-Organisator, FAIRDENKEN<br \/>\nEdith BR\u00d6TZNER, Unternehmerin und Journalistin<br \/>\nHorst DETTELBACHER, Geometer, Hauptmann a.D.<br \/>\nMag.a iur. Monika DONNER, Juristin, dipl. Lebensberaterin, Ministerialr\u00e4tin a.D.<br \/>\nBj\u00f6rn EYBL, Masseur und Naturpraktiker<br \/>\nDr.med. Josef KASHOFER<br \/>\nViktor KOSCHELU, gewerblicher und Heilmasseur<br \/>\nChristine LAMBECK, Huf-Therapeutin und Aktivistin<br \/>\nMag.rer.nat. Erika LANG, MAS &#8211; Mikrobiologin und Erwachsenenbildnerin<br \/>\nMag. Markus LECHNER, Sozial- und Wirtschaftswissenschafter<br \/>\nFranziska LOIBNER, Obfrau des impfkritischen Vereins AEGIS-\u00d6sterreich<br \/>\nMag. Claudia MILLWISCH, European Forum for Vaccine Vigilance<br \/>\nMag. Hermann H. MITTERER, Oberst im \u00d6BH, Mitbegr\u00fcnder der \u201eBeamten f\u00fcr Aufkl\u00e4rung\u201c<br \/>\nAgnes OBERM\u00dcLLER, Sympathisantin<br \/>\nDr.med.vet. Franz-Joseph PLANK, Tierarzt und Tiersch\u00fctzer, ANIMAL SPIRIT<br \/>\nInge RAUSCHER, Initiative Heimat &amp; Umwelt, Redaktion WEGWARTE<br \/>\nMag. Kata REITHOFER, psychol. Beraterin, &#8222;Generationen Verein-t&#8220;<br \/>\nDoz. Dr.med. Gerd REUTHER, Radiologe, Buchautor<br \/>\nMartin RUTTER, MEGADEMO-Initiastor,\u00a0<a href=\"http:\/\/www.impfopfer.info\/\" target=\"_blank\" rel=\"noopener\">www.impfopfer.info<\/a>,\u00a0<a href=\"http:\/\/www.direktdemokratisch.jetzt\/\" target=\"_blank\" rel=\"noopener\">www.direktdemokratisch.jetzt<\/a><br \/>\nMonika SOMMER-KOZAK, Aktivistin<br \/>\nMichael SPERL, Aktivist<br \/>\nIng. Ernst STEINWENDER, Redaktion INTER-INFO<br \/>\nMargit STEINWENDER, Unternehmerin<br \/>\nIngrid WEBER, Gesundheitstrainerin<br \/>\nHon.Univ.Prof. Dipl.Ing. Dr. Heinrich WOHLMEYER, ehem. Pr\u00e4sident der \u00d6sterr. Gesellschaft f\u00fcr Biotechnologie<br \/>\nMag. Christian ZEITZ, Wiener Akademikerbund<br \/>\nRenate ZITTMAYR, Landwirtin und Aktivistin<\/p>\n<h3>R\u00fcckfragen &amp; Kontakt:<\/h3>\n<p class=\"text\">Inge Rauscher, 02242\/70516 oder 0664\/489 37 97<br \/>\nMag.a Monika Donner,\u00a0monika.donner@yahoo.de<\/p>\n<\/div><div class=\"fusion-clearfix\"><\/div><\/div><\/div><div class=\"fusion-layout-column fusion_builder_column fusion-builder-column-2 fusion_builder_column_1_5 1_5 fusion-one-fifth fusion-column-last\" style=\"--awb-bg-size:cover;width:20%;width:calc(20% - ( ( 4% + 4% ) * 0.2 ) );\"><div class=\"fusion-column-wrapper fusion-column-has-shadow fusion-flex-column-wrapper-legacy\"><div class=\"fusion-clearfix\"><\/div><\/div><\/div><\/div><\/div>\n","protected":false},"excerpt":{"rendered":"","protected":false},"author":1002621,"featured_media":0,"comment_status":"closed","ping_status":"open","sticky":false,"template":"","format":"standard","meta":{"footnotes":""},"categories":[33],"tags":[],"class_list":["post-13991","post","type-post","status-publish","format-standard","hentry","category-berichte"],"_links":{"self":[{"href":"https:\/\/www.aegis.at\/wordpress\/wp-json\/wp\/v2\/posts\/13991","targetHints":{"allow":["GET"]}}],"collection":[{"href":"https:\/\/www.aegis.at\/wordpress\/wp-json\/wp\/v2\/posts"}],"about":[{"href":"https:\/\/www.aegis.at\/wordpress\/wp-json\/wp\/v2\/types\/post"}],"author":[{"embeddable":true,"href":"https:\/\/www.aegis.at\/wordpress\/wp-json\/wp\/v2\/users\/1002621"}],"replies":[{"embeddable":true,"href":"https:\/\/www.aegis.at\/wordpress\/wp-json\/wp\/v2\/comments?post=13991"}],"version-history":[{"count":0,"href":"https:\/\/www.aegis.at\/wordpress\/wp-json\/wp\/v2\/posts\/13991\/revisions"}],"wp:attachment":[{"href":"https:\/\/www.aegis.at\/wordpress\/wp-json\/wp\/v2\/media?parent=13991"}],"wp:term":[{"taxonomy":"category","embeddable":true,"href":"https:\/\/www.aegis.at\/wordpress\/wp-json\/wp\/v2\/categories?post=13991"},{"taxonomy":"post_tag","embeddable":true,"href":"https:\/\/www.aegis.at\/wordpress\/wp-json\/wp\/v2\/tags?post=13991"}],"curies":[{"name":"wp","href":"https:\/\/api.w.org\/{rel}","templated":true}]}}